{"id":2689,"date":"2026-04-28T09:26:31","date_gmt":"2026-04-28T06:26:31","guid":{"rendered":"https:\/\/maanomistajainliitto.fi\/?p=2689"},"modified":"2026-04-28T09:26:31","modified_gmt":"2026-04-28T06:26:31","slug":"utlatande-om-regeringens-lagforslag-till-riksdagen-om-andring-av-skogslagen-naturvardslagen-samt-lagen-om-finlands-skogscentrals-system-for-skoglig-information","status":"publish","type":"post","link":"https:\/\/maanomistajainliitto.fi\/sv\/utlatande-om-regeringens-lagforslag-till-riksdagen-om-andring-av-skogslagen-naturvardslagen-samt-lagen-om-finlands-skogscentrals-system-for-skoglig-information\/","title":{"rendered":"Utl\u00e5tande om regeringens lagf\u00f6rslag till riksdagen om \u00e4ndring av skogslagen, naturv\u00e5rdslagen samt lagen om Finlands skogscentrals system f\u00f6r skoglig information"},"content":{"rendered":"<p>30.03.26<\/p>\n<p><em>V\u00e5rt utl\u00e5tande om lagen g\u00e4llande avverkningar under f\u00e5glars h\u00e4ckningstid togs v\u00e4l i beaktan i beredningen, och v\u00e5ra st\u00f6rsta orosmoment togs bort fr\u00e5n regeringens nya proposition.<\/em><\/p>\n<p><strong>Jord\u00e4garnas f\u00f6rbund<\/strong><\/p>\n<p>Lagberedningen har fortskridit snabbt och propositionsutl\u00e5tanden har tydligt h\u00f6rsammats. Det \u00e4r positivt att flera avg\u00f6rande punkter reflekterar de yrkesverksammas \u00e5sikter och st\u00f6djer ett \u00e4ndam\u00e5lsenligt f\u00f6rverkligande av skogsbruket.<\/p>\n<p>Vi \u00e4r tacksamma f\u00f6r att man i punkterna nedan lyssnat till de yrkesverksammas r\u00f6st och str\u00e4vat till en l\u00f6sning som m\u00f6jligg\u00f6r b\u00e5de beaktande av f\u00e5gelbest\u00e5ndet och ett fungerande skogsbruk:<\/p>\n<ul>\n<li><strong>Begr\u00e4nsningar under h\u00e4ckningstider riktas till frodiga l\u00f6vskogsbetonade skogar: <\/strong>Begr\u00e4nsningen \u00e4r tydligt utskriven, vilket minskar os\u00e4kerhet g\u00e4llande tolkning och risken f\u00f6r att begr\u00e4nsningen \u00f6verskrids.<\/li>\n<li><strong>Begr\u00e4nsning av utredningsskyldigheten:<\/strong>\u00a0Skyldigheterna \u00e4r bundna till tr\u00e4df\u00e4llning; andra skogsv\u00e5rdsarbeten (ex. plantskogsv\u00e5rd, slyr\u00f6jning och jordbearbetning) omfattas inte av begr\u00e4nsningen.<\/li>\n<li><strong>En kontrollerad \u00f6verl\u00e5telse av artinformation och information om boplatser till jord\u00e4garen eller akt\u00f6ren via myndighetskanaler: <\/strong>myndigheterna svarar f\u00f6r uppgifternas kvalitet och tillg\u00e4nglighetens spelregler. Vi underst\u00f6der 10 d \u00a7 i den form som angetts.<\/li>\n<\/ul>\n<p>Vi vill f\u00f6rtydliga att \u00f6verl\u00e5telse av geografiska data g\u00e4llande riskomr\u00e5den ska begr\u00e4nsas till att skogs\u00e4garen f\u00e5r tillg\u00e5ng till informationen. Vi anser att publicering av data som ett \u00f6ppet geografiskt dataset i praktiken kunde leda till motsvarande fenomen som tidigare observerats i samband med omr\u00e5den med h\u00f6gt bevarandev\u00e4rde (HCV), d\u00e5 en \u00f6ppen databas lett till oklara och meningsl\u00f6sa p\u00e5tryckningar att ut\u00f6va skogsskydd utan tydliga, r\u00e4ttsliga grunder. D\u00e4rf\u00f6r \u00e4r det enligt oss viktigt att olika kommunikationsmodeller \u00f6verv\u00e4gs noggrant b\u00e5de vad g\u00e4ller jord\u00e4garens r\u00e4ttsskydd och tydlig datahantering.<\/p>\n<ul>\n<li><strong>Omfattning av sanktionerna:<\/strong>\u00a0Det straffr\u00e4ttsliga ansvaret \u00e4r kopplat till upps\u00e5tlighet eller grov oaktsamhet. Oundvikliga skador p\u00e5 liggande r\u00f6ttr\u00e4d utg\u00f6r inte i sig en grund f\u00f6r straffr\u00e4ttsligt ansvar.<\/li>\n<li><strong>Naturv\u00e5rdslagens allm\u00e4nna undantag (82 \u00a7):<\/strong>\u00a0En vanlig, kortvarig och oavsiktlig st\u00f6rning s\u00e4rskiljs fr\u00e5n den i f\u00e5geldirektivet f\u00f6rbjudna avsiktliga st\u00f6rningen.<\/li>\n<li><strong>Handledning f\u00f6re sanktioner:<\/strong>\u00a0Administrativ handledning \u00e4r det prim\u00e4ra redskapet. Denna linje tryggar r\u00e4ttsskyddet och styr resurser till genuint problematiska fall.<\/li>\n<\/ul>\n<p>Propositionen beh\u00f6ver \u00e4nnu f\u00f6rb\u00e4ttras p\u00e5 f\u00f6ljande punkter:<\/p>\n<p><strong>Anm\u00e4lan om avverkningstidpunkt<\/strong>: Den lagstadgade anm\u00e4lningsskyldigheten \u00e4r fortfarande inkluderat. Vi anser det vara viktigt att tonen \u00e4r tydligt v\u00e4gledande och att Skogscentralens automatiska p\u00e5minnelsesystem ers\u00e4tter det extra administrativa arbetet.<\/p>\n<p><strong>F\u00f6rvaltning av ekonomiska verkningar<\/strong>: Propositionen fastst\u00e4ller att en del av omr\u00e5dena med sommaravverkning kommer att \u00f6verg\u00e5 till vinteravverkning, vilket kan minska p\u00e5 rotpriset. Vi \u00f6nskar att l\u00e4get f\u00f6ljs upp och att det vid behov erbjuds detaljerade anvisningar eller begr\u00e4nsande \u00e5tg\u00e4rder (ex. tydliga beskrivningar av \u00f6verg\u00e5ngs- och undantags\u00e5tg\u00e4rder).<\/p>\n<p><strong>Operativa instruktioner<\/strong>: F\u00e4ltet beh\u00f6ver praktiska instruktioner av modellen \u201den lucka f\u00f6r allt\u201d (t.ex. identifieringskriterier, exempelfall, processen i oklara situationer). Detta f\u00f6rebygger att akt\u00f6rer undviker \u00e5tg\u00e4rder gjorda f\u00f6r s\u00e4kerhets skull och s\u00e4kerst\u00e4ller en enhetlig till\u00e4mpning i hela landet.<\/p>\n<p><strong>Tidtabeller och processtyrning<\/strong>: Man m\u00e5ste s\u00e4kerst\u00e4lla att behandlingstiderna f\u00f6r anm\u00e4lningar av skogsanv\u00e4ndning inte f\u00f6rl\u00e4ngs, och att informationsutbytet (artinformation, p\u00e5minnelser) fungerar utan dr\u00f6jsm\u00e5l under tider med h\u00f6g belastning.<\/p>\n<p><strong>G\u00e4llande bemyndigandet att utf\u00e4rda f\u00f6rordningar <\/strong>\u00e4r vi n\u00f6jda \u00f6ver att det \u00e4r avgr\u00e4nsat s\u00e5tillvida att det endast g\u00e5r att ge procedurm\u00e4ssiga och tekniska precisioner genom det och inte utvidga lagens materiella skyldigheter. Detta motsvarar den m\u00e5ls\u00e4ttning vi f\u00f6rmedlade i v\u00e5rt utl\u00e5tande. Vi l\u00e4mnar dock en kommentar inf\u00f6r de fortsatta f\u00f6rberedelserna om att det vore tydligare att anteckna denna avgr\u00e4nsning som en entydig ansvarsbegr\u00e4nsning \u00e4ven i sj\u00e4lva lagtexten.<\/p>\n<p><em>Arttu M\u00e4kel\u00e4<\/em><\/p>\n<p><em>skogsbruksexpert<\/em><\/p>\n<p><em>Jord\u00e4garnas f\u00f6rbund\u00a0<\/em><\/p>\n<p>&nbsp;<\/p>\n","protected":false},"excerpt":{"rendered":"<p>30.03.26 V\u00e5rt utl\u00e5tande om lagen g\u00e4llande avverkningar under f\u00e5glars h\u00e4ckningstid togs v\u00e4l i beaktan i beredningen, och v\u00e5ra st\u00f6rsta orosmoment togs bort fr\u00e5n regeringens nya proposition. Jord\u00e4garnas f\u00f6rbund Lagberedningen har fortskridit snabbt och propositionsutl\u00e5tanden har tydligt h\u00f6rsammats. Det \u00e4r positivt att flera avg\u00f6rande punkter reflekterar de yrkesverksammas \u00e5sikter och st\u00f6djer ett \u00e4ndam\u00e5lsenligt f\u00f6rverkligande av skogsbruket&#8230;.<\/p>\n","protected":false},"author":8,"featured_media":2641,"comment_status":"closed","ping_status":"closed","sticky":false,"template":"","format":"standard","meta":{"footnotes":""},"categories":[24],"tags":[],"class_list":["post-2689","post","type-post","status-publish","format-standard","has-post-thumbnail","hentry","category-utlatande"],"yoast_head":"<!-- This site is optimized with the Yoast SEO plugin v25.0 - https:\/\/yoast.com\/wordpress\/plugins\/seo\/ -->\n<title>Utl\u00e5tande om regeringens lagf\u00f6rslag till riksdagen om \u00e4ndring av skogslagen, naturv\u00e5rdslagen samt lagen om Finlands skogscentrals system f\u00f6r skoglig information - Maanomistajain Liitto<\/title>\n<meta name=\"robots\" content=\"index, follow, max-snippet:-1, max-image-preview:large, max-video-preview:-1\" \/>\n<link rel=\"canonical\" href=\"https:\/\/maanomistajainliitto.fi\/sv\/utlatande-om-regeringens-lagforslag-till-riksdagen-om-andring-av-skogslagen-naturvardslagen-samt-lagen-om-finlands-skogscentrals-system-for-skoglig-information\/\" \/>\n<meta property=\"og:locale\" content=\"sv_SE\" \/>\n<meta property=\"og:type\" content=\"article\" \/>\n<meta property=\"og:title\" content=\"Utl\u00e5tande om regeringens lagf\u00f6rslag till riksdagen om \u00e4ndring av skogslagen, naturv\u00e5rdslagen samt lagen om Finlands skogscentrals system f\u00f6r skoglig information - Maanomistajain Liitto\" \/>\n<meta property=\"og:description\" content=\"30.03.26 V\u00e5rt utl\u00e5tande om lagen g\u00e4llande avverkningar under f\u00e5glars h\u00e4ckningstid togs v\u00e4l i beaktan i beredningen, och v\u00e5ra st\u00f6rsta orosmoment togs bort fr\u00e5n regeringens nya proposition. Jord\u00e4garnas f\u00f6rbund Lagberedningen har fortskridit snabbt och propositionsutl\u00e5tanden har tydligt h\u00f6rsammats. Det \u00e4r positivt att flera avg\u00f6rande punkter reflekterar de yrkesverksammas \u00e5sikter och st\u00f6djer ett \u00e4ndam\u00e5lsenligt f\u00f6rverkligande av skogsbruket....\" \/>\n<meta property=\"og:url\" content=\"https:\/\/maanomistajainliitto.fi\/sv\/utlatande-om-regeringens-lagforslag-till-riksdagen-om-andring-av-skogslagen-naturvardslagen-samt-lagen-om-finlands-skogscentrals-system-for-skoglig-information\/\" \/>\n<meta property=\"og:site_name\" content=\"Maanomistajain Liitto\" \/>\n<meta property=\"article:published_time\" content=\"2026-04-28T06:26:31+00:00\" \/>\n<meta property=\"og:image\" content=\"https:\/\/maanomistajainliitto.fi\/wp-content\/uploads\/2026\/03\/landscape-tree-nature-forest-grass-branch-1093523-pxhere.com_-scaled.jpg\" \/>\n\t<meta property=\"og:image:width\" content=\"2560\" \/>\n\t<meta property=\"og:image:height\" content=\"1522\" \/>\n\t<meta property=\"og:image:type\" content=\"image\/jpeg\" \/>\n<meta name=\"author\" content=\"Lauri Salo\" \/>\n<meta name=\"twitter:card\" content=\"summary_large_image\" \/>\n<meta name=\"twitter:label1\" content=\"Skriven av\" \/>\n\t<meta name=\"twitter:data1\" content=\"Lauri Salo\" \/>\n\t<meta name=\"twitter:label2\" content=\"Ber\u00e4knad l\u00e4stid\" \/>\n\t<meta name=\"twitter:data2\" content=\"4 minuter\" \/>\n<script type=\"application\/ld+json\" class=\"yoast-schema-graph\">{\"@context\":\"https:\/\/schema.org\",\"@graph\":[{\"@type\":\"WebPage\",\"@id\":\"https:\/\/maanomistajainliitto.fi\/sv\/utlatande-om-regeringens-lagforslag-till-riksdagen-om-andring-av-skogslagen-naturvardslagen-samt-lagen-om-finlands-skogscentrals-system-for-skoglig-information\/\",\"url\":\"https:\/\/maanomistajainliitto.fi\/sv\/utlatande-om-regeringens-lagforslag-till-riksdagen-om-andring-av-skogslagen-naturvardslagen-samt-lagen-om-finlands-skogscentrals-system-for-skoglig-information\/\",\"name\":\"Utl\u00e5tande om regeringens lagf\u00f6rslag till riksdagen om \u00e4ndring av skogslagen, naturv\u00e5rdslagen samt lagen om Finlands skogscentrals system f\u00f6r skoglig information - Maanomistajain Liitto\",\"isPartOf\":{\"@id\":\"https:\/\/maanomistajainliitto.fi\/sv\/#website\"},\"primaryImageOfPage\":{\"@id\":\"https:\/\/maanomistajainliitto.fi\/sv\/utlatande-om-regeringens-lagforslag-till-riksdagen-om-andring-av-skogslagen-naturvardslagen-samt-lagen-om-finlands-skogscentrals-system-for-skoglig-information\/#primaryimage\"},\"image\":{\"@id\":\"https:\/\/maanomistajainliitto.fi\/sv\/utlatande-om-regeringens-lagforslag-till-riksdagen-om-andring-av-skogslagen-naturvardslagen-samt-lagen-om-finlands-skogscentrals-system-for-skoglig-information\/#primaryimage\"},\"thumbnailUrl\":\"https:\/\/maanomistajainliitto.fi\/wp-content\/uploads\/2026\/03\/landscape-tree-nature-forest-grass-branch-1093523-pxhere.com_-scaled.jpg\",\"datePublished\":\"2026-04-28T06:26:31+00:00\",\"author\":{\"@id\":\"https:\/\/maanomistajainliitto.fi\/sv\/#\/schema\/person\/f8f9cd3bebadfd0c14e77ade59812cfb\"},\"breadcrumb\":{\"@id\":\"https:\/\/maanomistajainliitto.fi\/sv\/utlatande-om-regeringens-lagforslag-till-riksdagen-om-andring-av-skogslagen-naturvardslagen-samt-lagen-om-finlands-skogscentrals-system-for-skoglig-information\/#breadcrumb\"},\"inLanguage\":\"sv-SE\",\"potentialAction\":[{\"@type\":\"ReadAction\",\"target\":[\"https:\/\/maanomistajainliitto.fi\/sv\/utlatande-om-regeringens-lagforslag-till-riksdagen-om-andring-av-skogslagen-naturvardslagen-samt-lagen-om-finlands-skogscentrals-system-for-skoglig-information\/\"]}]},{\"@type\":\"ImageObject\",\"inLanguage\":\"sv-SE\",\"@id\":\"https:\/\/maanomistajainliitto.fi\/sv\/utlatande-om-regeringens-lagforslag-till-riksdagen-om-andring-av-skogslagen-naturvardslagen-samt-lagen-om-finlands-skogscentrals-system-for-skoglig-information\/#primaryimage\",\"url\":\"https:\/\/maanomistajainliitto.fi\/wp-content\/uploads\/2026\/03\/landscape-tree-nature-forest-grass-branch-1093523-pxhere.com_-scaled.jpg\",\"contentUrl\":\"https:\/\/maanomistajainliitto.fi\/wp-content\/uploads\/2026\/03\/landscape-tree-nature-forest-grass-branch-1093523-pxhere.com_-scaled.jpg\",\"width\":2560,\"height\":1522},{\"@type\":\"BreadcrumbList\",\"@id\":\"https:\/\/maanomistajainliitto.fi\/sv\/utlatande-om-regeringens-lagforslag-till-riksdagen-om-andring-av-skogslagen-naturvardslagen-samt-lagen-om-finlands-skogscentrals-system-for-skoglig-information\/#breadcrumb\",\"itemListElement\":[{\"@type\":\"ListItem\",\"position\":1,\"name\":\"Etusivu\",\"item\":\"https:\/\/maanomistajainliitto.fi\/sv\/\"},{\"@type\":\"ListItem\",\"position\":2,\"name\":\"Utl\u00e5tande om regeringens lagf\u00f6rslag till riksdagen om \u00e4ndring av skogslagen, naturv\u00e5rdslagen samt lagen om Finlands skogscentrals system f\u00f6r skoglig information\"}]},{\"@type\":\"WebSite\",\"@id\":\"https:\/\/maanomistajainliitto.fi\/sv\/#website\",\"url\":\"https:\/\/maanomistajainliitto.fi\/sv\/\",\"name\":\"Maanomistajain Liitto\",\"description\":\"Maanomistajien edunvalvonta- ja neuvontaj&auml;rjest&ouml;\",\"potentialAction\":[{\"@type\":\"SearchAction\",\"target\":{\"@type\":\"EntryPoint\",\"urlTemplate\":\"https:\/\/maanomistajainliitto.fi\/sv\/?s={search_term_string}\"},\"query-input\":{\"@type\":\"PropertyValueSpecification\",\"valueRequired\":true,\"valueName\":\"search_term_string\"}}],\"inLanguage\":\"sv-SE\"},{\"@type\":\"Person\",\"@id\":\"https:\/\/maanomistajainliitto.fi\/sv\/#\/schema\/person\/f8f9cd3bebadfd0c14e77ade59812cfb\",\"name\":\"Lauri Salo\",\"image\":{\"@type\":\"ImageObject\",\"inLanguage\":\"sv-SE\",\"@id\":\"https:\/\/maanomistajainliitto.fi\/sv\/#\/schema\/person\/image\/\",\"url\":\"https:\/\/secure.gravatar.com\/avatar\/08373a5bcd29f7592896cb0c7c50e4f9?s=96&d=mm&r=g\",\"contentUrl\":\"https:\/\/secure.gravatar.com\/avatar\/08373a5bcd29f7592896cb0c7c50e4f9?s=96&d=mm&r=g\",\"caption\":\"Lauri Salo\"},\"sameAs\":[\"https:\/\/maanomistajainliitto.fi\/\"],\"url\":\"https:\/\/maanomistajainliitto.fi\/sv\/author\/lauri\/\"}]}<\/script>\n<!-- \/ Yoast SEO plugin. -->","yoast_head_json":{"title":"Utl\u00e5tande om regeringens lagf\u00f6rslag till riksdagen om \u00e4ndring av skogslagen, naturv\u00e5rdslagen samt lagen om Finlands skogscentrals system f\u00f6r skoglig information - Maanomistajain Liitto","robots":{"index":"index","follow":"follow","max-snippet":"max-snippet:-1","max-image-preview":"max-image-preview:large","max-video-preview":"max-video-preview:-1"},"canonical":"https:\/\/maanomistajainliitto.fi\/sv\/utlatande-om-regeringens-lagforslag-till-riksdagen-om-andring-av-skogslagen-naturvardslagen-samt-lagen-om-finlands-skogscentrals-system-for-skoglig-information\/","og_locale":"sv_SE","og_type":"article","og_title":"Utl\u00e5tande om regeringens lagf\u00f6rslag till riksdagen om \u00e4ndring av skogslagen, naturv\u00e5rdslagen samt lagen om Finlands skogscentrals system f\u00f6r skoglig information - Maanomistajain Liitto","og_description":"30.03.26 V\u00e5rt utl\u00e5tande om lagen g\u00e4llande avverkningar under f\u00e5glars h\u00e4ckningstid togs v\u00e4l i beaktan i beredningen, och v\u00e5ra st\u00f6rsta orosmoment togs bort fr\u00e5n regeringens nya proposition. Jord\u00e4garnas f\u00f6rbund Lagberedningen har fortskridit snabbt och propositionsutl\u00e5tanden har tydligt h\u00f6rsammats. Det \u00e4r positivt att flera avg\u00f6rande punkter reflekterar de yrkesverksammas \u00e5sikter och st\u00f6djer ett \u00e4ndam\u00e5lsenligt f\u00f6rverkligande av skogsbruket....","og_url":"https:\/\/maanomistajainliitto.fi\/sv\/utlatande-om-regeringens-lagforslag-till-riksdagen-om-andring-av-skogslagen-naturvardslagen-samt-lagen-om-finlands-skogscentrals-system-for-skoglig-information\/","og_site_name":"Maanomistajain Liitto","article_published_time":"2026-04-28T06:26:31+00:00","og_image":[{"width":2560,"height":1522,"url":"https:\/\/maanomistajainliitto.fi\/wp-content\/uploads\/2026\/03\/landscape-tree-nature-forest-grass-branch-1093523-pxhere.com_-scaled.jpg","type":"image\/jpeg"}],"author":"Lauri Salo","twitter_card":"summary_large_image","twitter_misc":{"Skriven av":"Lauri Salo","Ber\u00e4knad l\u00e4stid":"4 minuter"},"schema":{"@context":"https:\/\/schema.org","@graph":[{"@type":"WebPage","@id":"https:\/\/maanomistajainliitto.fi\/sv\/utlatande-om-regeringens-lagforslag-till-riksdagen-om-andring-av-skogslagen-naturvardslagen-samt-lagen-om-finlands-skogscentrals-system-for-skoglig-information\/","url":"https:\/\/maanomistajainliitto.fi\/sv\/utlatande-om-regeringens-lagforslag-till-riksdagen-om-andring-av-skogslagen-naturvardslagen-samt-lagen-om-finlands-skogscentrals-system-for-skoglig-information\/","name":"Utl\u00e5tande om regeringens lagf\u00f6rslag till riksdagen om \u00e4ndring av skogslagen, naturv\u00e5rdslagen samt lagen om Finlands skogscentrals system f\u00f6r skoglig information - Maanomistajain Liitto","isPartOf":{"@id":"https:\/\/maanomistajainliitto.fi\/sv\/#website"},"primaryImageOfPage":{"@id":"https:\/\/maanomistajainliitto.fi\/sv\/utlatande-om-regeringens-lagforslag-till-riksdagen-om-andring-av-skogslagen-naturvardslagen-samt-lagen-om-finlands-skogscentrals-system-for-skoglig-information\/#primaryimage"},"image":{"@id":"https:\/\/maanomistajainliitto.fi\/sv\/utlatande-om-regeringens-lagforslag-till-riksdagen-om-andring-av-skogslagen-naturvardslagen-samt-lagen-om-finlands-skogscentrals-system-for-skoglig-information\/#primaryimage"},"thumbnailUrl":"https:\/\/maanomistajainliitto.fi\/wp-content\/uploads\/2026\/03\/landscape-tree-nature-forest-grass-branch-1093523-pxhere.com_-scaled.jpg","datePublished":"2026-04-28T06:26:31+00:00","author":{"@id":"https:\/\/maanomistajainliitto.fi\/sv\/#\/schema\/person\/f8f9cd3bebadfd0c14e77ade59812cfb"},"breadcrumb":{"@id":"https:\/\/maanomistajainliitto.fi\/sv\/utlatande-om-regeringens-lagforslag-till-riksdagen-om-andring-av-skogslagen-naturvardslagen-samt-lagen-om-finlands-skogscentrals-system-for-skoglig-information\/#breadcrumb"},"inLanguage":"sv-SE","potentialAction":[{"@type":"ReadAction","target":["https:\/\/maanomistajainliitto.fi\/sv\/utlatande-om-regeringens-lagforslag-till-riksdagen-om-andring-av-skogslagen-naturvardslagen-samt-lagen-om-finlands-skogscentrals-system-for-skoglig-information\/"]}]},{"@type":"ImageObject","inLanguage":"sv-SE","@id":"https:\/\/maanomistajainliitto.fi\/sv\/utlatande-om-regeringens-lagforslag-till-riksdagen-om-andring-av-skogslagen-naturvardslagen-samt-lagen-om-finlands-skogscentrals-system-for-skoglig-information\/#primaryimage","url":"https:\/\/maanomistajainliitto.fi\/wp-content\/uploads\/2026\/03\/landscape-tree-nature-forest-grass-branch-1093523-pxhere.com_-scaled.jpg","contentUrl":"https:\/\/maanomistajainliitto.fi\/wp-content\/uploads\/2026\/03\/landscape-tree-nature-forest-grass-branch-1093523-pxhere.com_-scaled.jpg","width":2560,"height":1522},{"@type":"BreadcrumbList","@id":"https:\/\/maanomistajainliitto.fi\/sv\/utlatande-om-regeringens-lagforslag-till-riksdagen-om-andring-av-skogslagen-naturvardslagen-samt-lagen-om-finlands-skogscentrals-system-for-skoglig-information\/#breadcrumb","itemListElement":[{"@type":"ListItem","position":1,"name":"Etusivu","item":"https:\/\/maanomistajainliitto.fi\/sv\/"},{"@type":"ListItem","position":2,"name":"Utl\u00e5tande om regeringens lagf\u00f6rslag till riksdagen om \u00e4ndring av skogslagen, naturv\u00e5rdslagen samt lagen om Finlands skogscentrals system f\u00f6r skoglig information"}]},{"@type":"WebSite","@id":"https:\/\/maanomistajainliitto.fi\/sv\/#website","url":"https:\/\/maanomistajainliitto.fi\/sv\/","name":"Maanomistajain Liitto","description":"Maanomistajien edunvalvonta- ja neuvontaj&auml;rjest&ouml;","potentialAction":[{"@type":"SearchAction","target":{"@type":"EntryPoint","urlTemplate":"https:\/\/maanomistajainliitto.fi\/sv\/?s={search_term_string}"},"query-input":{"@type":"PropertyValueSpecification","valueRequired":true,"valueName":"search_term_string"}}],"inLanguage":"sv-SE"},{"@type":"Person","@id":"https:\/\/maanomistajainliitto.fi\/sv\/#\/schema\/person\/f8f9cd3bebadfd0c14e77ade59812cfb","name":"Lauri Salo","image":{"@type":"ImageObject","inLanguage":"sv-SE","@id":"https:\/\/maanomistajainliitto.fi\/sv\/#\/schema\/person\/image\/","url":"https:\/\/secure.gravatar.com\/avatar\/08373a5bcd29f7592896cb0c7c50e4f9?s=96&d=mm&r=g","contentUrl":"https:\/\/secure.gravatar.com\/avatar\/08373a5bcd29f7592896cb0c7c50e4f9?s=96&d=mm&r=g","caption":"Lauri Salo"},"sameAs":["https:\/\/maanomistajainliitto.fi\/"],"url":"https:\/\/maanomistajainliitto.fi\/sv\/author\/lauri\/"}]}},"_links":{"self":[{"href":"https:\/\/maanomistajainliitto.fi\/sv\/wp-json\/wp\/v2\/posts\/2689"}],"collection":[{"href":"https:\/\/maanomistajainliitto.fi\/sv\/wp-json\/wp\/v2\/posts"}],"about":[{"href":"https:\/\/maanomistajainliitto.fi\/sv\/wp-json\/wp\/v2\/types\/post"}],"author":[{"embeddable":true,"href":"https:\/\/maanomistajainliitto.fi\/sv\/wp-json\/wp\/v2\/users\/8"}],"replies":[{"embeddable":true,"href":"https:\/\/maanomistajainliitto.fi\/sv\/wp-json\/wp\/v2\/comments?post=2689"}],"version-history":[{"count":1,"href":"https:\/\/maanomistajainliitto.fi\/sv\/wp-json\/wp\/v2\/posts\/2689\/revisions"}],"predecessor-version":[{"id":2690,"href":"https:\/\/maanomistajainliitto.fi\/sv\/wp-json\/wp\/v2\/posts\/2689\/revisions\/2690"}],"wp:featuredmedia":[{"embeddable":true,"href":"https:\/\/maanomistajainliitto.fi\/sv\/wp-json\/wp\/v2\/media\/2641"}],"wp:attachment":[{"href":"https:\/\/maanomistajainliitto.fi\/sv\/wp-json\/wp\/v2\/media?parent=2689"}],"wp:term":[{"taxonomy":"category","embeddable":true,"href":"https:\/\/maanomistajainliitto.fi\/sv\/wp-json\/wp\/v2\/categories?post=2689"},{"taxonomy":"post_tag","embeddable":true,"href":"https:\/\/maanomistajainliitto.fi\/sv\/wp-json\/wp\/v2\/tags?post=2689"}],"curies":[{"name":"wp","href":"https:\/\/api.w.org\/{rel}","templated":true}]}}